{"id":2123,"date":"2019-06-24T14:14:17","date_gmt":"2019-06-24T13:14:17","guid":{"rendered":"https:\/\/www.ernsting.com\/wordcamp-europe-2019-in-berlin-ein-top-event\/"},"modified":"2021-01-19T21:23:26","modified_gmt":"2021-01-19T20:23:26","slug":"wordcamp-europa-2019-en-berlin-un-acontecimiento-de-primer-orden","status":"publish","type":"post","link":"https:\/\/www.ernsting.com\/es\/wordcamp-europa-2019-en-berlin-un-acontecimiento-de-primer-orden\/","title":{"rendered":"WordCamp Europe en Berl\u00edn: \u00a1un evento de primera!"},"content":{"rendered":"<p><strong>WordCamp Europe 2019 en Berl\u00edn: \u00a1un evento de primera!<\/strong><\/p>\n<p>Del 22 al 24 de junio de 2019 se celebr\u00f3 en Berl\u00edn, en el Estrel Congresszentrum, la mayor WordCamp hasta la fecha (\u00a1a nivel mundial!).<\/p>\n<p>Adem\u00e1s de las ponencias especializadas de gran calidad y actualidad, los interesantes expositores (incluidos nuestros socios tecnol\u00f3gicos de <span style=\"color: #ff6600;\"><a style=\"color: #ff6600;\" href=\"https:\/\/raidboxes.de\/\" target=\"_blank\" rel=\"noopener noreferrer\">Raidboxes<\/a><\/span>, <span style=\"color: #ff6600;\"><a style=\"color: #ff6600;\" href=\"https:\/\/premium.wpmudev.org\/\" target=\"_blank\" rel=\"noopener noreferrer\">WPMU DEV<\/a><\/span>, <span style=\"color: #ff6600;\"><a style=\"color: #ff6600;\" href=\"https:\/\/tms-outsource.com\/\" target=\"_blank\" rel=\"noopener noreferrer\">TMS<\/a><\/span>etc.) tambi\u00e9n hubo una serie de eventos interesantes. Por ejemplo, el mi\u00e9rcoles hubo un emocionante evento publicitario en Google Berl\u00edn con <span style=\"color: #ff6600;\"><a style=\"color: #ff6600;\" href=\"https:\/\/www.mso-digital.de\/\" target=\"_blank\" rel=\"noopener noreferrer\">MSO Digital<\/a><\/span>, <span style=\"color: #ff6600;\"><a style=\"color: #ff6600;\" href=\"https:\/\/wpadvancedads.com\/\" target=\"_blank\" rel=\"noopener noreferrer\">Anuncios avanzados<\/a><\/span> y <span style=\"color: #ff6600;\"><a style=\"color: #ff6600;\" href=\"https:\/\/twitter.com\/oconnoroisin?lang=de\" target=\"_blank\" rel=\"noopener noreferrer\">Oisin O'Connor<\/a><\/span> (AMP).<\/p>\n<p>La feria fue especialmente bien para nuestros socios inform\u00e1ticos de Italia, <span style=\"color: #ff6600;\"><a style=\"color: #ff6600;\" href=\"https:\/\/justevolve.it\/\" target=\"_blank\" rel=\"noopener noreferrer\">Evolucionar<\/a><\/span>cuyo \u00faltimo plugin <em>Bloques de rejilla<\/em> fue presentado personalmente por Matt Mullenweg.<\/p>\n<p>Para nosotros fue un viaje interesante y emocionante. No s\u00f3lo descubrimos muchas posibilidades nuevas, sino que tambi\u00e9n conocimos a muchos viejos y nuevos amigos del mundo de WordPress.<\/p>\n<p>Y ya estamos deseando que llegue el <span style=\"color: #ff6600;\"><a style=\"color: #ff6600;\" href=\"https:\/\/2020.europe.wordcamp.org\/\" target=\"_blank\" rel=\"noopener noreferrer\">WordCamp Europe 2020 del 4 al 6 de junio de 2010 en Oporto, Portugal<\/a><\/span>.<\/p>\n<p>\u00a1Volveremos a estar en el sitio!<\/p>\n<p>&nbsp;<\/p>\n<figure id=\"attachment_1940\" aria-describedby=\"caption-attachment-1940\" style=\"width: 600px\" class=\"wp-caption aligncenter\"><img loading=\"lazy\" decoding=\"async\" class=\"wp-image-1940 size-full\" src=\"https:\/\/www.ernsting.com\/wp-content\/uploads\/2019\/06\/Wordcamp-Berlin-Photo.jpg\" alt=\"Wordcamp Europa en Berl\u00edn 2019\" width=\"600\" height=\"450\" srcset=\"https:\/\/www.ernsting.com\/wp-content\/uploads\/2019\/06\/Wordcamp-Berlin-Photo.jpg 600w, https:\/\/www.ernsting.com\/wp-content\/uploads\/2019\/06\/Wordcamp-Berlin-Photo-300x225.jpg 300w\" sizes=\"auto, (max-width: 600px) 100vw, 600px\" \/><figcaption id=\"caption-attachment-1940\" class=\"wp-caption-text\">Wordcamp Europa en Berl\u00edn 2019<\/figcaption><\/figure>\n<figure id=\"attachment_1941\" aria-describedby=\"caption-attachment-1941\" style=\"width: 600px\" class=\"wp-caption aligncenter\"><img loading=\"lazy\" decoding=\"async\" class=\"wp-image-1941 size-full\" src=\"https:\/\/www.ernsting.com\/wp-content\/uploads\/2019\/06\/Wordcamp-Berlin-Raidboxes-Photo.jpg\" alt=\"Wordcamp Europe 2019 - en el stand de Raidboxes\" width=\"600\" height=\"506\" srcset=\"https:\/\/www.ernsting.com\/wp-content\/uploads\/2019\/06\/Wordcamp-Berlin-Raidboxes-Photo.jpg 600w, https:\/\/www.ernsting.com\/wp-content\/uploads\/2019\/06\/Wordcamp-Berlin-Raidboxes-Photo-300x253.jpg 300w\" sizes=\"auto, (max-width: 600px) 100vw, 600px\" \/><figcaption id=\"caption-attachment-1941\" class=\"wp-caption-text\">Wordcamp Europe 2019 - en el stand de Raidboxes<\/figcaption><\/figure>\n<p>&nbsp;<\/p>\n<p style=\"text-align: center;\"><strong>###<\/strong><\/p>\n<p>&nbsp;<\/p>\n<p style=\"text-align: center;\"><strong>Estamos contratando:<\/strong><\/p>\n<h4 style=\"text-align: center;\"><strong><a href=\"\/es\/empleos\/\">Programador de WordPress - Jefe de Desarrollo<\/a><\/strong><\/h4>\n<h4 style=\"text-align: center;\"><strong><a href=\"\/es\/empleos\/\">Editor y gestor de contenidos en l\u00ednea<\/a><\/strong><\/h4>","protected":false},"excerpt":{"rendered":"<p>Del 22 al 24 de junio de 2019 se celebr\u00f3 en Berl\u00edn, en el Estrel Congresszentrum, la mayor WordCamp hasta la fecha (\u00a1a nivel mundial!).<br \/>\nAdem\u00e1s de conferencias de actualidad y de gran calidad, y de interesantes expositores (entre los que se encuentran nuestros socios tecnol\u00f3gicos de Raidboxes, WPMU DEV, TMS, etc.), tambi\u00e9n hubo una serie de eventos interesantes. Por ejemplo...<\/p>","protected":false},"author":2,"featured_media":1940,"comment_status":"closed","ping_status":"closed","sticky":false,"template":"","format":"standard","meta":{"footnotes":""},"categories":[75],"tags":[148,203],"class_list":["post-2123","post","type-post","status-publish","format-standard","has-post-thumbnail","hentry","category-news","tag-wordcamp","tag-wordpress","wpbf-post"],"_links":{"self":[{"href":"https:\/\/www.ernsting.com\/es\/wp-json\/wp\/v2\/posts\/2123","targetHints":{"allow":["GET"]}}],"collection":[{"href":"https:\/\/www.ernsting.com\/es\/wp-json\/wp\/v2\/posts"}],"about":[{"href":"https:\/\/www.ernsting.com\/es\/wp-json\/wp\/v2\/types\/post"}],"author":[{"embeddable":true,"href":"https:\/\/www.ernsting.com\/es\/wp-json\/wp\/v2\/users\/2"}],"replies":[{"embeddable":true,"href":"https:\/\/www.ernsting.com\/es\/wp-json\/wp\/v2\/comments?post=2123"}],"version-history":[{"count":2,"href":"https:\/\/www.ernsting.com\/es\/wp-json\/wp\/v2\/posts\/2123\/revisions"}],"predecessor-version":[{"id":3031,"href":"https:\/\/www.ernsting.com\/es\/wp-json\/wp\/v2\/posts\/2123\/revisions\/3031"}],"wp:featuredmedia":[{"embeddable":true,"href":"https:\/\/www.ernsting.com\/es\/wp-json\/wp\/v2\/media\/1940"}],"wp:attachment":[{"href":"https:\/\/www.ernsting.com\/es\/wp-json\/wp\/v2\/media?parent=2123"}],"wp:term":[{"taxonomy":"category","embeddable":true,"href":"https:\/\/www.ernsting.com\/es\/wp-json\/wp\/v2\/categories?post=2123"},{"taxonomy":"post_tag","embeddable":true,"href":"https:\/\/www.ernsting.com\/es\/wp-json\/wp\/v2\/tags?post=2123"}],"curies":[{"name":"wp","href":"https:\/\/api.w.org\/{rel}","templated":true}]}}