{"id":2123,"date":"2019-06-24T14:14:17","date_gmt":"2019-06-24T13:14:17","guid":{"rendered":"https:\/\/www.ernsting.com\/wordcamp-europe-2019-in-berlin-ein-top-event\/"},"modified":"2021-01-19T21:23:26","modified_gmt":"2021-01-19T20:23:26","slug":"wordcamp-europe-2019-a-berlin-un-evenement-de-premier-plan","status":"publish","type":"post","link":"https:\/\/www.ernsting.com\/fr\/wordcamp-europe-2019-a-berlin-un-evenement-de-premier-plan\/","title":{"rendered":"WordCamp Europe \u00e0 Berlin - un \u00e9v\u00e9nement de premier ordre !"},"content":{"rendered":"<p><strong>WordCamp Europe 2019 \u00e0 Berlin - un \u00e9v\u00e9nement de premier ordre !<\/strong><\/p>\n<p>Du 22 au 24 juin 2019, le plus grand WordCamp \u00e0 ce jour (dans le monde entier !) s'est d\u00e9roul\u00e9 \u00e0 Berlin au Estrel Congresszentrum.<\/p>\n<p>En plus des pr\u00e9sentations sp\u00e9cialis\u00e9es actuelles et de grande qualit\u00e9, des exposants int\u00e9ressants (dont nos partenaires technologiques de <span style=\"color: #ff6600;\"><a style=\"color: #ff6600;\" href=\"https:\/\/raidboxes.de\/\" target=\"_blank\" rel=\"noopener noreferrer\">Raidboxes<\/a><\/span>, <span style=\"color: #ff6600;\"><a style=\"color: #ff6600;\" href=\"https:\/\/premium.wpmudev.org\/\" target=\"_blank\" rel=\"noopener noreferrer\">WPMU DEV<\/a><\/span>, <span style=\"color: #ff6600;\"><a style=\"color: #ff6600;\" href=\"https:\/\/tms-outsource.com\/\" target=\"_blank\" rel=\"noopener noreferrer\">TMS<\/a><\/span>etc.), il y a \u00e9galement eu un certain nombre d'\u00e9v\u00e9nements int\u00e9ressants. Par exemple, mercredi, un \u00e9v\u00e9nement publicitaire passionnant s'est d\u00e9roul\u00e9 chez Google Berlin avec <span style=\"color: #ff6600;\"><a style=\"color: #ff6600;\" href=\"https:\/\/www.mso-digital.de\/\" target=\"_blank\" rel=\"noopener noreferrer\">MSO Digital<\/a><\/span>, <span style=\"color: #ff6600;\"><a style=\"color: #ff6600;\" href=\"https:\/\/wpadvancedads.com\/\" target=\"_blank\" rel=\"noopener noreferrer\">Annonces avanc\u00e9es<\/a><\/span> et <span style=\"color: #ff6600;\"><a style=\"color: #ff6600;\" href=\"https:\/\/twitter.com\/oconnoroisin?lang=de\" target=\"_blank\" rel=\"noopener noreferrer\">Oisin O'Connor<\/a><\/span> (AMP).<\/p>\n<p>Le salon s'est particuli\u00e8rement bien d\u00e9roul\u00e9 pour nos partenaires informatiques italiens, <span style=\"color: #ff6600;\"><a style=\"color: #ff6600;\" href=\"https:\/\/justevolve.it\/\" target=\"_blank\" rel=\"noopener noreferrer\">Evoluer<\/a><\/span>dont le dernier plugin <em>Grilles Blocs<\/em> a \u00e9t\u00e9 personnellement pr\u00e9sent\u00e9 par Matt Mullenweg.<\/p>\n<p>Pour nous, ce fut un voyage int\u00e9ressant et passionnant. Nous avons non seulement d\u00e9couvert de nombreuses nouvelles possibilit\u00e9s, mais aussi rencontr\u00e9 de nombreux anciens et nouveaux amis du monde de WordPress.<\/p>\n<p>Et nous nous r\u00e9jouissons d\u00e9j\u00e0 de la <span style=\"color: #ff6600;\"><a style=\"color: #ff6600;\" href=\"https:\/\/2020.europe.wordcamp.org\/\" target=\"_blank\" rel=\"noopener noreferrer\">WordCamp Europe 2020 du 4 au 6 juin 2010 \u00e0 Porto, Portugal<\/a><\/span>.<\/p>\n<p>Nous serons de nouveau sur place !<\/p>\n<p>&nbsp;<\/p>\n<figure id=\"attachment_1940\" aria-describedby=\"caption-attachment-1940\" style=\"width: 600px\" class=\"wp-caption aligncenter\"><img loading=\"lazy\" decoding=\"async\" class=\"wp-image-1940 size-full\" src=\"https:\/\/www.ernsting.com\/wp-content\/uploads\/2019\/06\/Wordcamp-Berlin-Photo.jpg\" alt=\"Wordcamp Europe \u00e0 Berlin 2019\" width=\"600\" height=\"450\" srcset=\"https:\/\/www.ernsting.com\/wp-content\/uploads\/2019\/06\/Wordcamp-Berlin-Photo.jpg 600w, https:\/\/www.ernsting.com\/wp-content\/uploads\/2019\/06\/Wordcamp-Berlin-Photo-300x225.jpg 300w\" sizes=\"auto, (max-width: 600px) 100vw, 600px\" \/><figcaption id=\"caption-attachment-1940\" class=\"wp-caption-text\">Wordcamp Europe \u00e0 Berlin 2019<\/figcaption><\/figure>\n<figure id=\"attachment_1941\" aria-describedby=\"caption-attachment-1941\" style=\"width: 600px\" class=\"wp-caption aligncenter\"><img loading=\"lazy\" decoding=\"async\" class=\"wp-image-1941 size-full\" src=\"https:\/\/www.ernsting.com\/wp-content\/uploads\/2019\/06\/Wordcamp-Berlin-Raidboxes-Photo.jpg\" alt=\"Wordcamp Europe 2019 - sur le stand de Raidboxes\" width=\"600\" height=\"506\" srcset=\"https:\/\/www.ernsting.com\/wp-content\/uploads\/2019\/06\/Wordcamp-Berlin-Raidboxes-Photo.jpg 600w, https:\/\/www.ernsting.com\/wp-content\/uploads\/2019\/06\/Wordcamp-Berlin-Raidboxes-Photo-300x253.jpg 300w\" sizes=\"auto, (max-width: 600px) 100vw, 600px\" \/><figcaption id=\"caption-attachment-1941\" class=\"wp-caption-text\">Wordcamp Europe 2019 - au stand de Raidboxes<\/figcaption><\/figure>\n<p>&nbsp;<\/p>\n<p style=\"text-align: center;\"><strong>###<\/strong><\/p>\n<p>&nbsp;<\/p>\n<p style=\"text-align: center;\"><strong>Nous recrutons :<\/strong><\/p>\n<h4 style=\"text-align: center;\"><strong><a href=\"\/fr\/jobs\/\">Programmeur WordPress - Chef du d\u00e9veloppement<\/a><\/strong><\/h4>\n<h4 style=\"text-align: center;\"><strong><a href=\"\/fr\/jobs\/\">R\u00e9dacteur en ligne et gestionnaire de contenu<\/a><\/strong><\/h4>","protected":false},"excerpt":{"rendered":"<p>Du 22 au 24 juin 2019, le plus grand WordCamp \u00e0 ce jour (dans le monde entier !) s'est d\u00e9roul\u00e9 \u00e0 Berlin au Estrel Congresszentrum.<br \/>\nOutre des conf\u00e9rences d'actualit\u00e9 et de qualit\u00e9, des exposants int\u00e9ressants (notamment nos partenaires technologiques de Raidboxes, WPMU DEV, TMS, etc. Par exemple ...<\/p>","protected":false},"author":2,"featured_media":1940,"comment_status":"closed","ping_status":"closed","sticky":false,"template":"","format":"standard","meta":{"footnotes":""},"categories":[75],"tags":[148,203],"class_list":["post-2123","post","type-post","status-publish","format-standard","has-post-thumbnail","hentry","category-news","tag-wordcamp","tag-wordpress","wpbf-post"],"_links":{"self":[{"href":"https:\/\/www.ernsting.com\/fr\/wp-json\/wp\/v2\/posts\/2123","targetHints":{"allow":["GET"]}}],"collection":[{"href":"https:\/\/www.ernsting.com\/fr\/wp-json\/wp\/v2\/posts"}],"about":[{"href":"https:\/\/www.ernsting.com\/fr\/wp-json\/wp\/v2\/types\/post"}],"author":[{"embeddable":true,"href":"https:\/\/www.ernsting.com\/fr\/wp-json\/wp\/v2\/users\/2"}],"replies":[{"embeddable":true,"href":"https:\/\/www.ernsting.com\/fr\/wp-json\/wp\/v2\/comments?post=2123"}],"version-history":[{"count":2,"href":"https:\/\/www.ernsting.com\/fr\/wp-json\/wp\/v2\/posts\/2123\/revisions"}],"predecessor-version":[{"id":3031,"href":"https:\/\/www.ernsting.com\/fr\/wp-json\/wp\/v2\/posts\/2123\/revisions\/3031"}],"wp:featuredmedia":[{"embeddable":true,"href":"https:\/\/www.ernsting.com\/fr\/wp-json\/wp\/v2\/media\/1940"}],"wp:attachment":[{"href":"https:\/\/www.ernsting.com\/fr\/wp-json\/wp\/v2\/media?parent=2123"}],"wp:term":[{"taxonomy":"category","embeddable":true,"href":"https:\/\/www.ernsting.com\/fr\/wp-json\/wp\/v2\/categories?post=2123"},{"taxonomy":"post_tag","embeddable":true,"href":"https:\/\/www.ernsting.com\/fr\/wp-json\/wp\/v2\/tags?post=2123"}],"curies":[{"name":"wp","href":"https:\/\/api.w.org\/{rel}","templated":true}]}}