{"id":2123,"date":"2019-06-24T14:14:17","date_gmt":"2019-06-24T13:14:17","guid":{"rendered":"https:\/\/www.ernsting.com\/wordcamp-europe-2019-in-berlin-ein-top-event\/"},"modified":"2021-01-19T21:23:26","modified_gmt":"2021-01-19T20:23:26","slug":"wordcamp-europe-2019-em-berlim-um-evento-de-topo","status":"publish","type":"post","link":"https:\/\/www.ernsting.com\/pt\/wordcamp-europe-2019-em-berlim-um-evento-de-topo\/","title":{"rendered":"WordCamp Europa em Berlim - um evento de topo!"},"content":{"rendered":"<p><strong>WordCamp Europa 2019 em Berlim - um evento de topo!<\/strong><\/p>\n<p>De 22 a 24 de Junho de 2019, o maior WordCamp at\u00e9 \u00e0 data (a n\u00edvel mundial!) teve lugar em Berlim, no Estrel Congresszentrum.<\/p>\n<p>Al\u00e9m de apresenta\u00e7\u00f5es especializadas de alta qualidade e t\u00f3picos, expositores interessantes (incluindo os nossos parceiros tecnol\u00f3gicos da <span style=\"color: #ff6600;\"><a style=\"color: #ff6600;\" href=\"https:\/\/raidboxes.de\/\" target=\"_blank\" rel=\"noopener noreferrer\">Raidboxes<\/a><\/span>, <span style=\"color: #ff6600;\"><a style=\"color: #ff6600;\" href=\"https:\/\/premium.wpmudev.org\/\" target=\"_blank\" rel=\"noopener noreferrer\">WPMU DEV<\/a><\/span>, <span style=\"color: #ff6600;\"><a style=\"color: #ff6600;\" href=\"https:\/\/tms-outsource.com\/\" target=\"_blank\" rel=\"noopener noreferrer\">TMS<\/a><\/span>etc.) houve tamb\u00e9m uma s\u00e9rie de eventos interessantes. Por exemplo, na quarta-feira houve um evento de publicidade emocionante no Google Berlin com <span style=\"color: #ff6600;\"><a style=\"color: #ff6600;\" href=\"https:\/\/www.mso-digital.de\/\" target=\"_blank\" rel=\"noopener noreferrer\">MSO Digital<\/a><\/span>, <span style=\"color: #ff6600;\"><a style=\"color: #ff6600;\" href=\"https:\/\/wpadvancedads.com\/\" target=\"_blank\" rel=\"noopener noreferrer\">An\u00fancios Avan\u00e7ados<\/a><\/span> e <span style=\"color: #ff6600;\"><a style=\"color: #ff6600;\" href=\"https:\/\/twitter.com\/oconnoroisin?lang=de\" target=\"_blank\" rel=\"noopener noreferrer\">Oisin O'Connor<\/a><\/span> (AMP).<\/p>\n<p>A feira correu particularmente bem para os nossos parceiros de TI da It\u00e1lia, <span style=\"color: #ff6600;\"><a style=\"color: #ff6600;\" href=\"https:\/\/justevolve.it\/\" target=\"_blank\" rel=\"noopener noreferrer\">Evolu\u00e7\u00e3o<\/a><\/span>cujo \u00faltimo plugin <em>Blocos de Grades<\/em> foi apresentado pessoalmente por Matt Mullenweg.<\/p>\n<p>Para n\u00f3s foi uma viagem interessante e emocionante. N\u00e3o s\u00f3 descobrimos muitas novas possibilidades, como tamb\u00e9m conhecemos muitos velhos e novos amigos do mundo WordPress.<\/p>\n<p>E n\u00f3s j\u00e1 estamos ansiosos para a <span style=\"color: #ff6600;\"><a style=\"color: #ff6600;\" href=\"https:\/\/2020.europe.wordcamp.org\/\" target=\"_blank\" rel=\"noopener noreferrer\">WordCamp Europa 2020 de 4 a 6 de Junho de 2010 no Porto, Portugal<\/a><\/span>.<\/p>\n<p>N\u00f3s estaremos no local novamente!<\/p>\n<p>&nbsp;<\/p>\n<figure id=\"attachment_1940\" aria-describedby=\"caption-attachment-1940\" style=\"width: 600px\" class=\"wp-caption aligncenter\"><img loading=\"lazy\" decoding=\"async\" class=\"wp-image-1940 size-full\" src=\"https:\/\/www.ernsting.com\/wp-content\/uploads\/2019\/06\/Wordcamp-Berlin-Photo.jpg\" alt=\"Wordcamp Europa em Berlim 2019\" width=\"600\" height=\"450\" srcset=\"https:\/\/www.ernsting.com\/wp-content\/uploads\/2019\/06\/Wordcamp-Berlin-Photo.jpg 600w, https:\/\/www.ernsting.com\/wp-content\/uploads\/2019\/06\/Wordcamp-Berlin-Photo-300x225.jpg 300w\" sizes=\"auto, (max-width: 600px) 100vw, 600px\" \/><figcaption id=\"caption-attachment-1940\" class=\"wp-caption-text\">Wordcamp Europa em Berlim 2019<\/figcaption><\/figure>\n<figure id=\"attachment_1941\" aria-describedby=\"caption-attachment-1941\" style=\"width: 600px\" class=\"wp-caption aligncenter\"><img loading=\"lazy\" decoding=\"async\" class=\"wp-image-1941 size-full\" src=\"https:\/\/www.ernsting.com\/wp-content\/uploads\/2019\/06\/Wordcamp-Berlin-Raidboxes-Photo.jpg\" alt=\"Wordcamp Europa 2019 - no stand do Raidboxes\" width=\"600\" height=\"506\" srcset=\"https:\/\/www.ernsting.com\/wp-content\/uploads\/2019\/06\/Wordcamp-Berlin-Raidboxes-Photo.jpg 600w, https:\/\/www.ernsting.com\/wp-content\/uploads\/2019\/06\/Wordcamp-Berlin-Raidboxes-Photo-300x253.jpg 300w\" sizes=\"auto, (max-width: 600px) 100vw, 600px\" \/><figcaption id=\"caption-attachment-1941\" class=\"wp-caption-text\">Wordcamp Europa 2019 - no stand do Raidboxes<\/figcaption><\/figure>\n<p>&nbsp;<\/p>\n<p style=\"text-align: center;\"><strong>###<\/strong><\/p>\n<p>&nbsp;<\/p>\n<p style=\"text-align: center;\"><strong>N\u00f3s estamos a contratar:<\/strong><\/p>\n<h4 style=\"text-align: center;\"><strong><a href=\"\/pt\/empregos\/\">Programador WordPress - Chefe de Desenvolvimento<\/a><\/strong><\/h4>\n<h4 style=\"text-align: center;\"><strong><a href=\"\/pt\/empregos\/\">Editor Online &amp; Gestor de Conte\u00fados<\/a><\/strong><\/h4>","protected":false},"excerpt":{"rendered":"<p>De 22 a 24 de Junho de 2019, o maior WordCamp at\u00e9 \u00e0 data (a n\u00edvel mundial!) teve lugar em Berlim, no Estrel Congresszentrum.<br \/>\nAl\u00e9m de palestras atuais e de alta qualidade, expositores interessantes (incluindo nossos parceiros tecnol\u00f3gicos do Raidboxes, WPMU DEV, TMS, etc.), houve tamb\u00e9m uma s\u00e9rie de eventos interessantes. Por exemplo ...<\/p>","protected":false},"author":2,"featured_media":1940,"comment_status":"closed","ping_status":"closed","sticky":false,"template":"","format":"standard","meta":{"footnotes":""},"categories":[75],"tags":[148,203],"class_list":["post-2123","post","type-post","status-publish","format-standard","has-post-thumbnail","hentry","category-news","tag-wordcamp","tag-wordpress","wpbf-post"],"_links":{"self":[{"href":"https:\/\/www.ernsting.com\/pt\/wp-json\/wp\/v2\/posts\/2123","targetHints":{"allow":["GET"]}}],"collection":[{"href":"https:\/\/www.ernsting.com\/pt\/wp-json\/wp\/v2\/posts"}],"about":[{"href":"https:\/\/www.ernsting.com\/pt\/wp-json\/wp\/v2\/types\/post"}],"author":[{"embeddable":true,"href":"https:\/\/www.ernsting.com\/pt\/wp-json\/wp\/v2\/users\/2"}],"replies":[{"embeddable":true,"href":"https:\/\/www.ernsting.com\/pt\/wp-json\/wp\/v2\/comments?post=2123"}],"version-history":[{"count":2,"href":"https:\/\/www.ernsting.com\/pt\/wp-json\/wp\/v2\/posts\/2123\/revisions"}],"predecessor-version":[{"id":3031,"href":"https:\/\/www.ernsting.com\/pt\/wp-json\/wp\/v2\/posts\/2123\/revisions\/3031"}],"wp:featuredmedia":[{"embeddable":true,"href":"https:\/\/www.ernsting.com\/pt\/wp-json\/wp\/v2\/media\/1940"}],"wp:attachment":[{"href":"https:\/\/www.ernsting.com\/pt\/wp-json\/wp\/v2\/media?parent=2123"}],"wp:term":[{"taxonomy":"category","embeddable":true,"href":"https:\/\/www.ernsting.com\/pt\/wp-json\/wp\/v2\/categories?post=2123"},{"taxonomy":"post_tag","embeddable":true,"href":"https:\/\/www.ernsting.com\/pt\/wp-json\/wp\/v2\/tags?post=2123"}],"curies":[{"name":"wp","href":"https:\/\/api.w.org\/{rel}","templated":true}]}}